{"id":902,"date":"2020-01-13T18:12:42","date_gmt":"2020-01-13T22:12:42","guid":{"rendered":"https:\/\/demiparati.com\/blog\/?p=902"},"modified":"2020-01-13T18:12:43","modified_gmt":"2020-01-13T22:12:43","slug":"regula-tu-azucar-con-valina","status":"publish","type":"post","link":"https:\/\/demiparati.com\/blog\/2020\/01\/13\/regula-tu-azucar-con-valina\/","title":{"rendered":"Regula tu az\u00facar con valina"},"content":{"rendered":"<p>Se trata de un amino\u00e1cido esencial de cadena ramificada; en resumen, la valina es b\u00e1sica para el proceso de deposici\u00f3n de prote\u00ednas que se lleva a cabo en el cuerpo humano (adem\u00e1s de en otras especies). Puesto que las raciones deficientes en Valina hacen que sus funciones se vean seriamente perjudicadas, necesitamos de dosis bases en nuestra nutrici\u00f3n.<\/p>\n<p>Con la adici\u00f3n de la valina en la alimentaci\u00f3n cotidiana, es posible satisfacer las necesidades nutricionales para un \u00f3ptimo estado de salud.<\/p>\n<h2>\u00bfQu\u00e9 es la valina?<\/h2>\n<p>La vaalina es uno de los amino\u00e1cidos codificados por el c\u00f3digo gen\u00e9tico, con lo que es uno de los componentes de las prote\u00ednas de los seres vivos. Por tanto, el amino\u00e1cido alif\u00e1tico se considera primo de la leucina y la isoleucina, tanto en estructura como en funci\u00f3n.<\/p>\n<figure id=\"attachment_905\" aria-describedby=\"caption-attachment-905\" style=\"width: 1280px\" class=\"wp-caption aligncenter\"><img loading=\"lazy\" decoding=\"async\" class=\"size-full wp-image-905\" src=\"https:\/\/demiparati.com\/blog\/wp-content\/uploads\/2020\/01\/adult-1867743_1280.jpg\" alt=\"es posible satisfacer las necesidades nutricionales para un \u00f3ptimo estado de salud.\" width=\"1280\" height=\"853\" srcset=\"https:\/\/demiparati.com\/blog\/wp-content\/uploads\/2020\/01\/adult-1867743_1280.jpg 1280w, https:\/\/demiparati.com\/blog\/wp-content\/uploads\/2020\/01\/adult-1867743_1280-300x200.jpg 300w, https:\/\/demiparati.com\/blog\/wp-content\/uploads\/2020\/01\/adult-1867743_1280-768x512.jpg 768w, https:\/\/demiparati.com\/blog\/wp-content\/uploads\/2020\/01\/adult-1867743_1280-1024x682.jpg 1024w, https:\/\/demiparati.com\/blog\/wp-content\/uploads\/2020\/01\/adult-1867743_1280-696x464.jpg 696w, https:\/\/demiparati.com\/blog\/wp-content\/uploads\/2020\/01\/adult-1867743_1280-1068x712.jpg 1068w, https:\/\/demiparati.com\/blog\/wp-content\/uploads\/2020\/01\/adult-1867743_1280-630x420.jpg 630w\" sizes=\"(max-width: 1280px) 100vw, 1280px\" \/><figcaption id=\"caption-attachment-905\" class=\"wp-caption-text\">es posible satisfacer las necesidades nutricionales para un \u00f3ptimo estado de salud.<\/figcaption><\/figure>\n<p>Estos amino\u00e1cidos son exageradamente hidr\u00f3fobos y se hallan pr\u00e1cticamente siempre y en toda circunstancia dentro de prote\u00ednas. Por el hecho de que pocas veces son \u00fatiles en reacciones bioqu\u00edmicas normales. Por consiguiente, est\u00e1n apartados a la funci\u00f3n de determinar la estructura tridimensional de las prote\u00ednas debido a su naturaleza hidr\u00f3foba.<\/p>\n<p>El amino\u00e1cido representa m\u00e1s o menos el cinco por ciento de los amino\u00e1cidos proteicos de nuestro organismo. La leche y los huevos son comestibles ricos en la valina.<\/p>\n<h2>Fuentes de Valina:<\/h2>\n<p>Los primordiales comestibles ricos en Valina son la carne, el pescado, la leche, el youghourt, el queso y el huevo, por servirnos de un ejemplo, que son comestibles ricos en prote\u00ednas. Adem\u00e1s de esto, otros comestibles ricos en Valina pueden ser:<\/p>\n<ul>\n<li>Habas de soja, guisantes, ma\u00edz<\/li>\n<li>Cacao, centeno, cebada<\/li>\n<li>Berenjena, remolacha, ajo, cebolla morada<\/li>\n<\/ul>\n<p>Es preciso consumir comestibles ricos en este amino\u00e1cido, puesto que el organismo humano no puede generar ese amino\u00e1cido. Asimismo comprueba las ventajas de valina para la salud:<\/p>\n<h2>Beneficios de la Valina:<\/h2>\n<h3>Regula el apetito:<\/h3>\n<p>Exactamente el mismo mecanismo de acci\u00f3n en el sistema inquieto. Adem\u00e1s de esto, el amino\u00e1cido ayuda a aliviar la psique y a reducir la voluntad de comer, siendo una aliada de quien trata de adelgazar.<\/p>\n<h3>Aumenta la inmunidad:<\/h3>\n<p>El amino\u00e1cido regula el sistema inmunol\u00f3gico, mejorando la contestaci\u00f3n de las c\u00e9lulas de defensa en casos de trauma, cirug\u00eda, infecciones y fiebre, entre otros padecimientos de salud.<\/p>\n<figure id=\"attachment_903\" aria-describedby=\"caption-attachment-903\" style=\"width: 1280px\" class=\"wp-caption aligncenter\"><img loading=\"lazy\" decoding=\"async\" class=\"size-full wp-image-903\" src=\"https:\/\/demiparati.com\/blog\/wp-content\/uploads\/2020\/01\/runners-635906_1280.jpg\" alt=\"Beneficios de la Valina\" width=\"1280\" height=\"853\" srcset=\"https:\/\/demiparati.com\/blog\/wp-content\/uploads\/2020\/01\/runners-635906_1280.jpg 1280w, https:\/\/demiparati.com\/blog\/wp-content\/uploads\/2020\/01\/runners-635906_1280-300x200.jpg 300w, https:\/\/demiparati.com\/blog\/wp-content\/uploads\/2020\/01\/runners-635906_1280-768x512.jpg 768w, https:\/\/demiparati.com\/blog\/wp-content\/uploads\/2020\/01\/runners-635906_1280-1024x682.jpg 1024w, https:\/\/demiparati.com\/blog\/wp-content\/uploads\/2020\/01\/runners-635906_1280-696x464.jpg 696w, https:\/\/demiparati.com\/blog\/wp-content\/uploads\/2020\/01\/runners-635906_1280-1068x712.jpg 1068w, https:\/\/demiparati.com\/blog\/wp-content\/uploads\/2020\/01\/runners-635906_1280-630x420.jpg 630w\" sizes=\"(max-width: 1280px) 100vw, 1280px\" \/><figcaption id=\"caption-attachment-903\" class=\"wp-caption-text\">Beneficios de la Valina<\/figcaption><\/figure>\n<h3>Regula el az\u00facar en sangre:<\/h3>\n<p>Este beneficio puede ser singularmente interesante para los que est\u00e1n preocupados por perder peso y, adem\u00e1s de esto, una mejor regulaci\u00f3n de los niveles de glucosa puede representar m\u00e1s sencillez para mantener bajo control el hambre.<\/p>\n<h3>Previene el insomnio:<\/h3>\n<p>El amino\u00e1cido desempe\u00f1a un papel se\u00f1alado en el sistema inquieto. Ayudando a mantener a raya el estr\u00e9s y la ansiedad, mejorando la concentraci\u00f3n y el enfoque. Adem\u00e1s de esto, el amino\u00e1cido puede asistir a combatir la carencia de sue\u00f1o ocasionada por altos niveles de estr\u00e9s.<\/p>\n<h3>Aumenta la resistencia f\u00edsica:<\/h3>\n<p>Aumenta el aporte de energ\u00eda a los m\u00fasculos, que pueden trabajar a lo largo de m\u00e1s tiempo ya antes de la llegada de la fatiga.<\/p>\n\n\n<p><\/p>\n","protected":false},"excerpt":{"rendered":"<p>Se trata de un amino\u00e1cido esencial de cadena ramificada; en resumen, la valina es b\u00e1sica para el proceso de deposici\u00f3n de prote\u00ednas que se lleva a cabo en el cuerpo humano (adem\u00e1s de en otras especies). Puesto que las raciones deficientes en Valina hacen que sus funciones se vean seriamente perjudicadas, necesitamos de dosis bases [&hellip;]<\/p>\n","protected":false},"author":1,"featured_media":904,"comment_status":"open","ping_status":"closed","sticky":false,"template":"","format":"standard","meta":{"footnotes":""},"categories":[10],"tags":[],"_links":{"self":[{"href":"https:\/\/demiparati.com\/blog\/wp-json\/wp\/v2\/posts\/902"}],"collection":[{"href":"https:\/\/demiparati.com\/blog\/wp-json\/wp\/v2\/posts"}],"about":[{"href":"https:\/\/demiparati.com\/blog\/wp-json\/wp\/v2\/types\/post"}],"author":[{"embeddable":true,"href":"https:\/\/demiparati.com\/blog\/wp-json\/wp\/v2\/users\/1"}],"replies":[{"embeddable":true,"href":"https:\/\/demiparati.com\/blog\/wp-json\/wp\/v2\/comments?post=902"}],"version-history":[{"count":1,"href":"https:\/\/demiparati.com\/blog\/wp-json\/wp\/v2\/posts\/902\/revisions"}],"predecessor-version":[{"id":906,"href":"https:\/\/demiparati.com\/blog\/wp-json\/wp\/v2\/posts\/902\/revisions\/906"}],"wp:featuredmedia":[{"embeddable":true,"href":"https:\/\/demiparati.com\/blog\/wp-json\/wp\/v2\/media\/904"}],"wp:attachment":[{"href":"https:\/\/demiparati.com\/blog\/wp-json\/wp\/v2\/media?parent=902"}],"wp:term":[{"taxonomy":"category","embeddable":true,"href":"https:\/\/demiparati.com\/blog\/wp-json\/wp\/v2\/categories?post=902"},{"taxonomy":"post_tag","embeddable":true,"href":"https:\/\/demiparati.com\/blog\/wp-json\/wp\/v2\/tags?post=902"}],"curies":[{"name":"wp","href":"https:\/\/api.w.org\/{rel}","templated":true}]}}