{"id":842,"date":"2020-01-06T15:46:39","date_gmt":"2020-01-06T19:46:39","guid":{"rendered":"https:\/\/demiparati.com\/blog\/?p=842"},"modified":"2020-01-06T15:46:40","modified_gmt":"2020-01-06T19:46:40","slug":"conoce-5-hechos-sobre-el-alzheimer","status":"publish","type":"post","link":"https:\/\/demiparati.com\/blog\/2020\/01\/06\/conoce-5-hechos-sobre-el-alzheimer\/","title":{"rendered":"Conoce 5 hechos sobre el Alzheimer"},"content":{"rendered":"<p>El Alzheimer, una enfermedad degenerante y progresiva que destroza la memoria y otras funciones mentales, afecta millones de personas alrededor del mundo, en especial de edad avanzada. No obstante, es una enfermedad de la que la mayor parte de la gente solo tiene el m\u00ednimo conocimiento. Para ayudarte a saber un tanto m\u00e1s sobre este mal, hemos separado 5 hechos. A continuaci\u00f3n, te los presentamos.<\/p>\n<h2><strong>Su origen prosigue siendo ignoto<\/strong><\/h2>\n<p>Las causas del mal de Alzheimer todav\u00eda no son concluyentes por la medicina.<\/p>\n<figure id=\"attachment_844\" aria-describedby=\"caption-attachment-844\" style=\"width: 1280px\" class=\"wp-caption aligncenter\"><img loading=\"lazy\" decoding=\"async\" class=\"size-full wp-image-844\" src=\"https:\/\/demiparati.com\/blog\/wp-content\/uploads\/2020\/01\/brain-2546101_1280.jpg\" alt=\"Es una enfermedad poco a poco m\u00e1s com\u00fan\" width=\"1280\" height=\"578\" srcset=\"https:\/\/demiparati.com\/blog\/wp-content\/uploads\/2020\/01\/brain-2546101_1280.jpg 1280w, https:\/\/demiparati.com\/blog\/wp-content\/uploads\/2020\/01\/brain-2546101_1280-300x135.jpg 300w, https:\/\/demiparati.com\/blog\/wp-content\/uploads\/2020\/01\/brain-2546101_1280-768x347.jpg 768w, https:\/\/demiparati.com\/blog\/wp-content\/uploads\/2020\/01\/brain-2546101_1280-1024x462.jpg 1024w, https:\/\/demiparati.com\/blog\/wp-content\/uploads\/2020\/01\/brain-2546101_1280-696x314.jpg 696w, https:\/\/demiparati.com\/blog\/wp-content\/uploads\/2020\/01\/brain-2546101_1280-1068x482.jpg 1068w, https:\/\/demiparati.com\/blog\/wp-content\/uploads\/2020\/01\/brain-2546101_1280-930x420.jpg 930w\" sizes=\"(max-width: 1280px) 100vw, 1280px\" \/><figcaption id=\"caption-attachment-844\" class=\"wp-caption-text\">Es una enfermedad poco a poco m\u00e1s com\u00fan<\/figcaption><\/figure>\n<p>Trat\u00e1ndose de una enfermedad degenerante que acostumbra a afectar a los ancianos, hasta el momento solo se sabe que el incremento de la prote\u00edna beta-amiloide y de otra llamada Tau afecta a las conexiones inquietas entre las neuronas, mas las causas que desencadenar\u00edan ese incremento de prote\u00ednas todav\u00eda no se conocen. Si no sabemos las causas, tampoco podemos trabajar en la prevenci\u00f3n.<\/p>\n<h2><strong>Es una enfermedad poco a poco m\u00e1s com\u00fan<\/strong><\/h2>\n<p>Desgraciadamente, se ha observado un incremento muy grande e inclusive , que se podr\u00eda considerar como exagerado, de casos de mal de Alzheimer en el mundo entero. El incremento de la expectativa de vida de las personas y la creciente preocupaci\u00f3n ser\u00edan las explicaciones cre\u00edbles a este logro, puesto que la enfermedad acostumbra a afectar a las personas mayores y a las personas mayores de cincuenta a\u00f1os. Hoy d\u00eda, hay cerca de cuarenta y cuatro millones de personas perjudicadas alrededor del planeta, y se estima que en dos mil treinta van a ser setenta y cinco millones de personas; mientras que en dos mil cincuenta van a ser ciento treinta y cinco millones.<\/p>\n<h2>Los f\u00e1rmacos no son eficaces<\/h2>\n<p>No sabiendo precisamente qu\u00e9 causa la enfermedad, los cient\u00edficos farmac\u00e9uticos tampoco saben lo que deben hacer para combatirla. As\u00ed, la mayor parte de los f\u00e1rmacos creados para tratar el mal de Alzheimer se vuelven ineficaces. La mayor parte solo puede retrasar los s\u00edntomas y mejorar la calidad de vida de los pacientes, mas las c\u00e9lulas ya destruidas no pueden recobrarse.<\/p>\n<h2><strong>Los s\u00edntomas van m\u00e1s all\u00e1 de la mera p\u00e9rdida de la memoria<\/strong><\/h2>\n<p>Cuando o\u00edmos del mal de Alzheimer, lo relacionamos con la p\u00e9rdida de memoria, mas eso no es lo \u00fanico que afecta a los pacientes. Como la enfermedad destroza las neuronas y las conexiones entre las c\u00e9lulas del cerebro \u2013 que por su parte es quien controla todo nuestro cuerpo \u2013 diferentes capacidades se van perdiendo con el avance de la enfermedad. Los m\u00e1s frecuentes son la p\u00e9rdida del gusto y la complejidad para ubicarse.<\/p>\n<figure id=\"attachment_845\" aria-describedby=\"caption-attachment-845\" style=\"width: 1280px\" class=\"wp-caption aligncenter\"><img loading=\"lazy\" decoding=\"async\" class=\"size-full wp-image-845\" src=\"https:\/\/demiparati.com\/blog\/wp-content\/uploads\/2020\/01\/dependent-826332_1280.jpg\" alt=\"Los s\u00edntomas van m\u00e1s all\u00e1 de la mera p\u00e9rdida de la memoria\" width=\"1280\" height=\"959\" srcset=\"https:\/\/demiparati.com\/blog\/wp-content\/uploads\/2020\/01\/dependent-826332_1280.jpg 1280w, https:\/\/demiparati.com\/blog\/wp-content\/uploads\/2020\/01\/dependent-826332_1280-300x225.jpg 300w, https:\/\/demiparati.com\/blog\/wp-content\/uploads\/2020\/01\/dependent-826332_1280-768x575.jpg 768w, https:\/\/demiparati.com\/blog\/wp-content\/uploads\/2020\/01\/dependent-826332_1280-1024x767.jpg 1024w, https:\/\/demiparati.com\/blog\/wp-content\/uploads\/2020\/01\/dependent-826332_1280-80x60.jpg 80w, https:\/\/demiparati.com\/blog\/wp-content\/uploads\/2020\/01\/dependent-826332_1280-265x198.jpg 265w, https:\/\/demiparati.com\/blog\/wp-content\/uploads\/2020\/01\/dependent-826332_1280-696x521.jpg 696w, https:\/\/demiparati.com\/blog\/wp-content\/uploads\/2020\/01\/dependent-826332_1280-1068x800.jpg 1068w, https:\/\/demiparati.com\/blog\/wp-content\/uploads\/2020\/01\/dependent-826332_1280-561x420.jpg 561w\" sizes=\"(max-width: 1280px) 100vw, 1280px\" \/><figcaption id=\"caption-attachment-845\" class=\"wp-caption-text\">Los s\u00edntomas van m\u00e1s all\u00e1 de la mera p\u00e9rdida de la memoria<\/figcaption><\/figure>\n<h2><strong>La prevenci\u00f3n es posible<\/strong><\/h2>\n<p>Si bien se ignora la causa concreta, ciertos cuidados b\u00e1sicos pueden asistir a prevenir este mal. Ejercitar el cuerpo y la mente, y sobre todo desde los cincuenta a\u00f1os, estimula las c\u00e9lulas y las neuronas a sostenerse activas, lo que reduce la probabilidad de la enfermedad. En la nutrici\u00f3n siempre y en todo momento apueste por alimentos saludables, como pescados, aceite de oliva, frutas rojas y verduras, por el hecho de que, como sabemos, se trata de alimentos ricos en nutrientes que resguardan las neuronas.<\/p>\n\n\n<p><\/p>\n","protected":false},"excerpt":{"rendered":"<p>El Alzheimer, una enfermedad degenerante y progresiva que destroza la memoria y otras funciones mentales, afecta millones de personas alrededor del mundo, en especial de edad avanzada. No obstante, es una enfermedad de la que la mayor parte de la gente solo tiene el m\u00ednimo conocimiento. Para ayudarte a saber un tanto m\u00e1s sobre este [&hellip;]<\/p>\n","protected":false},"author":1,"featured_media":843,"comment_status":"open","ping_status":"closed","sticky":false,"template":"","format":"standard","meta":{"footnotes":""},"categories":[10],"tags":[],"_links":{"self":[{"href":"https:\/\/demiparati.com\/blog\/wp-json\/wp\/v2\/posts\/842"}],"collection":[{"href":"https:\/\/demiparati.com\/blog\/wp-json\/wp\/v2\/posts"}],"about":[{"href":"https:\/\/demiparati.com\/blog\/wp-json\/wp\/v2\/types\/post"}],"author":[{"embeddable":true,"href":"https:\/\/demiparati.com\/blog\/wp-json\/wp\/v2\/users\/1"}],"replies":[{"embeddable":true,"href":"https:\/\/demiparati.com\/blog\/wp-json\/wp\/v2\/comments?post=842"}],"version-history":[{"count":1,"href":"https:\/\/demiparati.com\/blog\/wp-json\/wp\/v2\/posts\/842\/revisions"}],"predecessor-version":[{"id":846,"href":"https:\/\/demiparati.com\/blog\/wp-json\/wp\/v2\/posts\/842\/revisions\/846"}],"wp:featuredmedia":[{"embeddable":true,"href":"https:\/\/demiparati.com\/blog\/wp-json\/wp\/v2\/media\/843"}],"wp:attachment":[{"href":"https:\/\/demiparati.com\/blog\/wp-json\/wp\/v2\/media?parent=842"}],"wp:term":[{"taxonomy":"category","embeddable":true,"href":"https:\/\/demiparati.com\/blog\/wp-json\/wp\/v2\/categories?post=842"},{"taxonomy":"post_tag","embeddable":true,"href":"https:\/\/demiparati.com\/blog\/wp-json\/wp\/v2\/tags?post=842"}],"curies":[{"name":"wp","href":"https:\/\/api.w.org\/{rel}","templated":true}]}}