{"id":1088,"date":"2020-01-27T18:23:37","date_gmt":"2020-01-27T22:23:37","guid":{"rendered":"https:\/\/demiparati.com\/blog\/?p=1088"},"modified":"2020-01-27T18:23:38","modified_gmt":"2020-01-27T22:23:38","slug":"por-que-tengo-celulitis","status":"publish","type":"post","link":"https:\/\/demiparati.com\/blog\/2020\/01\/27\/por-que-tengo-celulitis\/","title":{"rendered":"\u00bfPor qu\u00e9 tengo celulitis?"},"content":{"rendered":"<h1>\u00bfPor qu\u00e9 tengo celulitis?<\/h1>\n<p>En realidad, no son pocos los factores que contribuyen a la aparici\u00f3n de la celulitis y pueden suceder de forma apartada unos de otros; o bien, mantener estrechos v\u00ednculos.<\/p>\n<p>Los determinantes primordiales son aspectos que tienen que ver con la gen\u00e9tica, factores hormonales, g\u00e9nero, edad y cambios en los procesos circulatorios.<\/p>\n<p>Hay una mayor tendencia entre las mujeres debido a los cambios hormonales. La primordial hormona es el estr\u00f3geno, que hace que las mujeres tengamos una tendencia natural a amontonar m\u00e1s grasa que los hombres, lo que conduce a una mayor tendencia a la celulitis, que puede acontecer aun en mujeres delgadas.<\/p>\n<figure id=\"attachment_1091\" aria-describedby=\"caption-attachment-1091\" style=\"width: 700px\" class=\"wp-caption aligncenter\"><img loading=\"lazy\" decoding=\"async\" class=\"size-full wp-image-1091\" src=\"https:\/\/demiparati.com\/blog\/wp-content\/uploads\/2020\/01\/celulitis-en-abdomen.jpg\" alt=\"La repercusi\u00f3n de la nutrici\u00f3n en el desarrollo de la celulitis\" width=\"700\" height=\"525\" srcset=\"https:\/\/demiparati.com\/blog\/wp-content\/uploads\/2020\/01\/celulitis-en-abdomen.jpg 700w, https:\/\/demiparati.com\/blog\/wp-content\/uploads\/2020\/01\/celulitis-en-abdomen-300x225.jpg 300w, https:\/\/demiparati.com\/blog\/wp-content\/uploads\/2020\/01\/celulitis-en-abdomen-80x60.jpg 80w, https:\/\/demiparati.com\/blog\/wp-content\/uploads\/2020\/01\/celulitis-en-abdomen-265x198.jpg 265w, https:\/\/demiparati.com\/blog\/wp-content\/uploads\/2020\/01\/celulitis-en-abdomen-696x522.jpg 696w, https:\/\/demiparati.com\/blog\/wp-content\/uploads\/2020\/01\/celulitis-en-abdomen-560x420.jpg 560w\" sizes=\"(max-width: 700px) 100vw, 700px\" \/><figcaption id=\"caption-attachment-1091\" class=\"wp-caption-text\">La repercusi\u00f3n de la nutrici\u00f3n en el desarrollo de la celulitis<\/figcaption><\/figure>\n<p>Las mujeres mayores de la mediana edad son todav\u00eda m\u00e1s propensas, en tanto que, conforme avejentamos, la piel se vuelve m\u00e1s fl\u00e1ccida y perdemos masa delgada, patentizando las deformidades cut\u00e1neas.<\/p>\n<p>Aparte de estos factores primarios, est\u00e1n los agravantes, que contribuyen a empeorar el aspecto de la piel ondulada.<\/p>\n<p>Son factores relacionados con los h\u00e1bitos vitales, como el sedentarismo, la nutrici\u00f3n inapropiada, la sobrepeso o bien la obesidad, el agobio, el tabaquismo, la microbiota intestinal inapropiada y la acci\u00f3n de radicales libres.<\/p>\n<p>No hay una soluci\u00f3n terminante en la lucha contra la celulitis, mas una alimentaci\u00f3n saludable conjuntada con el ejercicio f\u00edsico tiene un enorme potencial para alterar los factores agravantes, influyendo en la mejora de la apariencia de la dermis.<\/p>\n<figure id=\"attachment_1090\" aria-describedby=\"caption-attachment-1090\" style=\"width: 610px\" class=\"wp-caption aligncenter\"><img loading=\"lazy\" decoding=\"async\" class=\"size-full wp-image-1090\" src=\"https:\/\/demiparati.com\/blog\/wp-content\/uploads\/2020\/01\/util-e-interesante-como-eliminar-celulitis-n357554-610x343-547072.jpg\" alt=\"celulitis\" width=\"610\" height=\"343\" srcset=\"https:\/\/demiparati.com\/blog\/wp-content\/uploads\/2020\/01\/util-e-interesante-como-eliminar-celulitis-n357554-610x343-547072.jpg 610w, https:\/\/demiparati.com\/blog\/wp-content\/uploads\/2020\/01\/util-e-interesante-como-eliminar-celulitis-n357554-610x343-547072-300x169.jpg 300w\" sizes=\"(max-width: 610px) 100vw, 610px\" \/><figcaption id=\"caption-attachment-1090\" class=\"wp-caption-text\">celulitis<\/figcaption><\/figure>\n<h2>La repercusi\u00f3n de la nutrici\u00f3n en el desarrollo de la celulitis<\/h2>\n<p>No hay una relaci\u00f3n directa entre la nutrici\u00f3n y la capacitaci\u00f3n de celulitis, aun por el hecho de que mujeres delgadas y sanas asimismo tienen posibilidades de tenerla.<\/p>\n<p>No obstante, la calidad nutricional de la dieta est\u00e1 relacionada con la composici\u00f3n anat\u00f3mico, lo que influye en la capacitaci\u00f3n del tejido graso y, en consecuencia, en la lipodistrofia ginoide.<\/p>\n<p>Conocer la acci\u00f3n directa de los nutrientes y las reacciones metab\u00f3licas que provocan en el organismo es esencial, lo que prueba la relevancia de la alimentaci\u00f3n est\u00e9tica.<\/p>\n<p>El patr\u00f3n alimenticio actual de la poblaci\u00f3n ha alterado en las \u00faltimas d\u00e9cadas. Pese a que hay una preocupaci\u00f3n cada vez mayor por el cuerpo y la nutrici\u00f3n, el consumo de comestibles industrializados o bien ultraprocesados no saludables, ricos en grasas trans, hidratos de carbono simples, harinas refinadas, sodio y conservantes es muy predominante.<\/p>\n<p>En cambio, hay una reducci\u00f3n en la ingesta de comestibles in naturaleza o bien liger\u00edsimamente procesados como frutas, hortalizas o bien cereales naturales integrales.<\/p>\n<p>Este comportamiento produce un desequilibrio nutricional y contribuye a procesos inflamatorios, constipado y incremento de peso que pueden dar sitio a la capacitaci\u00f3n del aspecto acolchado de la piel.<\/p>\n\n\n<p><\/p>\n","protected":false},"excerpt":{"rendered":"<p>\u00bfPor qu\u00e9 tengo celulitis? En realidad, no son pocos los factores que contribuyen a la aparici\u00f3n de la celulitis y pueden suceder de forma apartada unos de otros; o bien, mantener estrechos v\u00ednculos. Los determinantes primordiales son aspectos que tienen que ver con la gen\u00e9tica, factores hormonales, g\u00e9nero, edad y cambios en los procesos circulatorios. [&hellip;]<\/p>\n","protected":false},"author":1,"featured_media":1089,"comment_status":"open","ping_status":"closed","sticky":false,"template":"","format":"standard","meta":{"footnotes":""},"categories":[10],"tags":[],"_links":{"self":[{"href":"https:\/\/demiparati.com\/blog\/wp-json\/wp\/v2\/posts\/1088"}],"collection":[{"href":"https:\/\/demiparati.com\/blog\/wp-json\/wp\/v2\/posts"}],"about":[{"href":"https:\/\/demiparati.com\/blog\/wp-json\/wp\/v2\/types\/post"}],"author":[{"embeddable":true,"href":"https:\/\/demiparati.com\/blog\/wp-json\/wp\/v2\/users\/1"}],"replies":[{"embeddable":true,"href":"https:\/\/demiparati.com\/blog\/wp-json\/wp\/v2\/comments?post=1088"}],"version-history":[{"count":1,"href":"https:\/\/demiparati.com\/blog\/wp-json\/wp\/v2\/posts\/1088\/revisions"}],"predecessor-version":[{"id":1092,"href":"https:\/\/demiparati.com\/blog\/wp-json\/wp\/v2\/posts\/1088\/revisions\/1092"}],"wp:featuredmedia":[{"embeddable":true,"href":"https:\/\/demiparati.com\/blog\/wp-json\/wp\/v2\/media\/1089"}],"wp:attachment":[{"href":"https:\/\/demiparati.com\/blog\/wp-json\/wp\/v2\/media?parent=1088"}],"wp:term":[{"taxonomy":"category","embeddable":true,"href":"https:\/\/demiparati.com\/blog\/wp-json\/wp\/v2\/categories?post=1088"},{"taxonomy":"post_tag","embeddable":true,"href":"https:\/\/demiparati.com\/blog\/wp-json\/wp\/v2\/tags?post=1088"}],"curies":[{"name":"wp","href":"https:\/\/api.w.org\/{rel}","templated":true}]}}